{"id":8145,"date":"2014-11-11T01:00:00","date_gmt":"2014-11-11T00:00:00","guid":{"rendered":"https:\/\/centarzaprirodnumedicinu.com\/brestovac-interesantno-i-dobro-mesto-za-zivot-i-razvoj\/"},"modified":"2022-02-25T12:38:30","modified_gmt":"2022-02-25T11:38:30","slug":"brestovac-interesantno-i-dobro-mesto-za-zivot-i-razvoj","status":"publish","type":"post","link":"https:\/\/www.centarzaprirodnumedicinu.com\/test\/ostalo\/brestovac-interesantno-i-dobro-mesto-za-zivot-i-razvoj\/","title":{"rendered":"Brestovac &#8211; interesantno i dobro mesto za \u017eivot i razvoj"},"content":{"rendered":"<p><strong>Obi\u010dno se, naime, u ovakvim prilikama \u2013 \u0161to je sasvim razumljivo, naravno \u2013 govori samo o uspesima, tj. onome \u0161ta je neko postigao i uradio. Brestov\u010dani su odstupili od tog pravila. Pre par godina do\u0161li su na ideju da organizuju \u2013 festival ajvara.<\/strong><\/p>\n<p>Ali \u2013 nije pro\u0161lo. \u010cak i iz dana\u0161nje perspektive moglo bi se re\u0107i da je to bila dobra zamisao. U kraju \u2013 leskova\u010dkom, \u0161to \u0107e re\u0107i i blizu velikog grada \u2013 koji je ve\u0107 prepoznatljiv po tom proizvodu i gde postoji zna\u010dajan broj proizvo\u0111a\u010da, poku\u0161ati da se svi oni okupe na jednom mestu, malo me\u0111usobno takmi\u010de, malo svi zajedno promovi\u0161u i \u201ebrendiraju\u201c (poput, recimo, festivala pr\u0161ute) delovalo je perspektivno. Odgovor na pitanje za\u0161to tako nije bilo tra\u017ei mnogo vi\u0161e prostora i konkretnih podataka, ali i nije mu ovde mesto. Va\u017enije je da se Brestov\u010dani nisu demoralisali i digli ruke, nego su pro\u0161le godine svoju ideju malo promenili i poku\u0161ali ponovo. Ovog puta odlu\u010dili su da organizuju Festival zimnice i tradicionalnih proizvoda. I, ovog puta, selo je \u2013 uspelo.<strong><\/p>\n<p>Festival<\/strong> je dao nov kvalitet \u017eivotu u selu, jer on nije samo steci\u0161te i \u201ezborno mesto\u201c proizvo\u0111a\u010da zimnice, nego je okupio i anga\u017eovao i sve ostale \u201estrukture\u201c sela. Tog dana se sastaju i golubari i ribolovci, kuturno-umetni\u010dko dru\u0161tvo prikazuje svoj program, udru\u017eenje poljoprivrednika ima predavanja, aktiv \u017eena izla\u017ee svoje rukotvorine, fudbalski klub igra prijateljsku utakmicu. \u0160to je jo\u0161 va\u017enije, me\u0161tani Brestovca su uvideli da je sve to zapravo \u2013 malo. Kako sami ka\u017eu, \u201eaktivnosti vezane za konkretnu ulogu Brestovca kao povrtarskog mesta u kome se proizvode paprika i ajvar, svode se na par dana\u201c, pa zato planiraju ja\u010danje ovakvih aktivnosti, odnosno spremaju se da sli\u010dne stvari organizuju vi\u0161e puta godi\u0161nje.<\/p>\n<p>Iz svega toga izranja vizija budu\u0107nosti sela kao mesta koje \u0107e biti prepoznatljivo po prozvodnji i preradi primarnih poljoprivrednih proizvoda i \u0161umskih plodova. Na to se, me\u0111utim, dodaju i novi sadr\u017eaji, pre svega aktivnosti usmerene na razvoj agro-ekolo\u0161kog turizma, izme\u0111u ostalog i zbog \u201erasprostranjenosti jarebica i prepelica u ataru sela\u201c. A sve to, opet, radi ostvarenja krajnjeg cilja koji su Brestov\u010dani pred sebe postavili: \u201eprepoznavanje <strong>Brestovca<\/strong> kao mesta interesantnog i dobrog za \u017eivot i razvoj\u201c.<\/p>\n","protected":false},"excerpt":{"rendered":"<p>Brestovac je zaslu\u017eio da se na\u0111e na listi sela dobrih primera ako ni zbog \u010dega drugog a ono zbog toga \u0161to je priznalo da u ne\u010demu \u2013 nije uspelo.<\/p>\n","protected":false},"author":3,"featured_media":8146,"comment_status":"open","ping_status":"closed","sticky":false,"template":"","format":"standard","meta":{"footnotes":""},"categories":[1],"tags":[916,2103,2250,391,362,393,2251,489,378,451],"class_list":["post-8145","post","type-post","status-publish","format-standard","has-post-thumbnail","hentry","category-ostalo","tag-ajvar","tag-brestovac","tag-festival","tag-priroda","tag-razvoj","tag-selo","tag-sumski-plodovi","tag-zimnica","tag-zivot","tag-zivot-na-selu"],"_links":{"self":[{"href":"https:\/\/www.centarzaprirodnumedicinu.com\/test\/wp-json\/wp\/v2\/posts\/8145","targetHints":{"allow":["GET"]}}],"collection":[{"href":"https:\/\/www.centarzaprirodnumedicinu.com\/test\/wp-json\/wp\/v2\/posts"}],"about":[{"href":"https:\/\/www.centarzaprirodnumedicinu.com\/test\/wp-json\/wp\/v2\/types\/post"}],"author":[{"embeddable":true,"href":"https:\/\/www.centarzaprirodnumedicinu.com\/test\/wp-json\/wp\/v2\/users\/3"}],"replies":[{"embeddable":true,"href":"https:\/\/www.centarzaprirodnumedicinu.com\/test\/wp-json\/wp\/v2\/comments?post=8145"}],"version-history":[{"count":0,"href":"https:\/\/www.centarzaprirodnumedicinu.com\/test\/wp-json\/wp\/v2\/posts\/8145\/revisions"}],"wp:featuredmedia":[{"embeddable":true,"href":"https:\/\/www.centarzaprirodnumedicinu.com\/test\/wp-json\/wp\/v2\/media\/8146"}],"wp:attachment":[{"href":"https:\/\/www.centarzaprirodnumedicinu.com\/test\/wp-json\/wp\/v2\/media?parent=8145"}],"wp:term":[{"taxonomy":"category","embeddable":true,"href":"https:\/\/www.centarzaprirodnumedicinu.com\/test\/wp-json\/wp\/v2\/categories?post=8145"},{"taxonomy":"post_tag","embeddable":true,"href":"https:\/\/www.centarzaprirodnumedicinu.com\/test\/wp-json\/wp\/v2\/tags?post=8145"}],"curies":[{"name":"wp","href":"https:\/\/api.w.org\/{rel}","templated":true}]}}